{"id":12835,"date":"2017-06-08T12:47:54","date_gmt":"2017-06-08T12:47:54","guid":{"rendered":"http:\/\/protokoloa.eus?p=12835"},"modified":"2017-06-08T12:48:50","modified_gmt":"2017-06-08T12:48:50","slug":"tras-la-presentacion-del-protocolo-de-donostia-ya-esta-en-marcha-la-herramienta-para-garantizar-los-derechos-linguisticos","status":"publish","type":"post","link":"https:\/\/protokoloa.eus\/?p=12835&lang=es","title":{"rendered":"Tras la presentaci\u00f3n del Protocolo de Donostia ya est\u00e1 en marcha la herramienta para garantizar los derechos ling\u00fc\u00edsticos"},"content":{"rendered":"<div class=\"fusion-fullwidth fullwidth-box fusion-builder-row-1 nonhundred-percent-fullwidth non-hundred-percent-height-scrolling\" style=\"background-color: rgba(255,255,255,0);background-position: center center;background-repeat: no-repeat;padding-top:0px;padding-right:0px;padding-bottom:0px;padding-left:0px;margin-bottom: 0px;margin-top: 0px;border-width: 0px 0px 0px 0px;border-color:#eae9e9;border-style:solid;\" ><div class=\"fusion-builder-row fusion-row\"><div class=\"fusion-layout-column fusion_builder_column fusion-builder-column-0 fusion_builder_column_1_1 1_1 fusion-one-full fusion-column-first fusion-column-last\" style=\"margin-top:0px;margin-bottom:0px;\"><div class=\"fusion-column-wrapper fusion-flex-column-wrapper-legacy\" style=\"background-position:left top;background-repeat:no-repeat;-webkit-background-size:cover;-moz-background-size:cover;-o-background-size:cover;background-size:cover;padding: 0px 0px 0px 0px;\"><div class=\"fusion-text fusion-text-1\"><h4>El palacio Kursaal ha contado con una afluencia masiva de centenares de agentes y ciudadanos llegados de Euskal Herria y del extranjero<\/h4>\n<p>En un sencillo y emotivo acto se ha dado a conocer hoy en Donostia el Protocolo Para la Garant\u00eda de los Derechos Ling\u00fc\u00edsticos o Protocolo de Donostia. Seg\u00fan las palabras pronunciadas por Paul Bilbao secretario general de Kontseilua durante la presentaci\u00f3n este protocolo ha supuesto un ejercicio pr\u00e1ctico de empoderamiento hist\u00f3rico, en tanto que los agentes sociales han demostrado su capacidad para confeccionar una herramienta eficaz para responder a las necesidades ligadas a la garant\u00eda de los derechos de las lenguas minorizadas. El Protocolo ha sido un proyecto impulsado de manera conjunta por Kontseilua y la Fundaci\u00f3n Donostia 2016.<\/p>\n<p>Bilbao ha destacado la extraordinaria solidaridad ling\u00fc\u00edstica que ha percibido durante todos estos meses en todos los rincones de Europa. \u201cLa participaci\u00f3n ha sido la clave del \u00e9xito de este protocolo, y hemos sido capaces de demostrar que, a pesar de ser comunidades peque\u00f1as, si nos unimos tenemos una capacidad enorme\u201d. Ha a\u00f1adido, asimismo, que el d\u00eda de hoy es un gran d\u00eda de celebraci\u00f3n, pero que tras esta presentaci\u00f3n \u201clo m\u00e1s importante es que en Europa ya contamos con una herramienta eficaz para garantizar los derechos ling\u00fc\u00edsticos, que se ha puesto en marcha hoy en Donostia\u201d.<\/p>\n<p>El palacio Kursaal ha contado con un lleno absoluto, toda vez que las invitaciones para asistir a la presentaci\u00f3n se hab\u00edan agotado unos d\u00edas antes de la misma. En un acto que ha combinado actuaciones musicales y de baile con intervenciones de los participantes, las primeras palabras han sido pronunciadas por Aureli Argem\u00ed i Maria do Pilar Garcia. Tanto Argem\u00ed como Garcia estuvieron presentes hace veinte a\u00f1os en el proceso de elaboraci\u00f3n de la Declaraci\u00f3n Universal de Derechos Ling\u00fc\u00edsticos y en sus intervenciones han recordado, precisamente, que aquella declaraci\u00f3n se trata de la antecesora del Protocolo de Donostia.<\/p>\n<p>El director de la programaci\u00f3n cultural de DSS2016EU Xabi Paya ha se\u00f1alado que el Protocolo de Donostia supone un gran hito en el camino hacia la convivencia multiling\u00fce en Europa y que, gracias a proyectos como el del Protocolo para la Garant\u00eda de los Derechos Ling\u00fc\u00edsticos, la aportaci\u00f3n realizada por Donostia a la identidad europea en lo que se refiere a la gesti\u00f3n sostenible de la pluralidad ling\u00fc\u00edstica tendr\u00e1 un lugar destacado en la historia de las capitales culturales europeas.<\/p>\n<p>La direcci\u00f3n de este Protocolo ha corrido a cargo de un Comit\u00e9 Organizador formado por seis instituciones, cuyos representantes han recibido un recuerdo en agradecimiento por su enorme tarea.<\/p>\n<p>Joan Mari Torrealdai ha relatado las lecciones que ha aprendido de las dificultades que el euskera ha tenido que superar desde hace unos siglos hasta el presente, destacando la aportaci\u00f3n de las diferentes generaciones, colectivos, iniciativas de colaboraci\u00f3n, etc. en el \u00e1mbito de la construcci\u00f3n nacional y cultural.<\/p>\n<p>A continuaci\u00f3n, han subido al estrado decenas de agentes llegados desde Euskal Herria y el extranjero, los cuales, con el protocolo en las manos, se han hecho una foto de familia, con la esperanza de que, cuando regresen a sus respectivas comunidades ling\u00fc\u00edsticas, puedan construir una Europa m\u00e1s plural, justa e igualitaria. El acto ha concluido con todos los protagonistas entonando la canci\u00f3n \u201cTxoria txori\u201d de Mikel Laboa.<\/p>\n<\/div><div class=\"fusion-clearfix\"><\/div><\/div><\/div><\/div><\/div>\n","protected":false},"excerpt":{"rendered":"","protected":false},"author":1,"featured_media":1942,"comment_status":"closed","ping_status":"closed","sticky":false,"template":"","format":"standard","meta":[],"categories":[180],"tags":[],"_links":{"self":[{"href":"https:\/\/protokoloa.eus\/index.php?rest_route=\/wp\/v2\/posts\/12835"}],"collection":[{"href":"https:\/\/protokoloa.eus\/index.php?rest_route=\/wp\/v2\/posts"}],"about":[{"href":"https:\/\/protokoloa.eus\/index.php?rest_route=\/wp\/v2\/types\/post"}],"author":[{"embeddable":true,"href":"https:\/\/protokoloa.eus\/index.php?rest_route=\/wp\/v2\/users\/1"}],"replies":[{"embeddable":true,"href":"https:\/\/protokoloa.eus\/index.php?rest_route=%2Fwp%2Fv2%2Fcomments&post=12835"}],"version-history":[{"count":1,"href":"https:\/\/protokoloa.eus\/index.php?rest_route=\/wp\/v2\/posts\/12835\/revisions"}],"predecessor-version":[{"id":12836,"href":"https:\/\/protokoloa.eus\/index.php?rest_route=\/wp\/v2\/posts\/12835\/revisions\/12836"}],"wp:featuredmedia":[{"embeddable":true,"href":"https:\/\/protokoloa.eus\/index.php?rest_route=\/wp\/v2\/media\/1942"}],"wp:attachment":[{"href":"https:\/\/protokoloa.eus\/index.php?rest_route=%2Fwp%2Fv2%2Fmedia&parent=12835"}],"wp:term":[{"taxonomy":"category","embeddable":true,"href":"https:\/\/protokoloa.eus\/index.php?rest_route=%2Fwp%2Fv2%2Fcategories&post=12835"},{"taxonomy":"post_tag","embeddable":true,"href":"https:\/\/protokoloa.eus\/index.php?rest_route=%2Fwp%2Fv2%2Ftags&post=12835"}],"curies":[{"name":"wp","href":"https:\/\/api.w.org\/{rel}","templated":true}]}}