{"id":12831,"date":"2017-06-08T12:41:59","date_gmt":"2017-06-08T12:41:59","guid":{"rendered":"http:\/\/protokoloa.eus?p=12831"},"modified":"2017-06-09T07:27:39","modified_gmt":"2017-06-09T07:27:39","slug":"el-parlamento-de-nafarroa-la-primera-parada-en-el-camino-que-va-a-realizar-en-protocolo-de-donostia-con-responsables-institucionales","status":"publish","type":"post","link":"https:\/\/protokoloa.eus\/?p=12831&lang=es","title":{"rendered":"El Parlamento de Nafarroa, la primera parada en el camino que va a realizar en Protocolo de Donostia con responsables institucionales"},"content":{"rendered":"<div class=\"fusion-fullwidth fullwidth-box fusion-builder-row-1 nonhundred-percent-fullwidth non-hundred-percent-height-scrolling\" style=\"background-color: rgba(255,255,255,0);background-position: center center;background-repeat: no-repeat;padding-top:0px;padding-right:0px;padding-bottom:0px;padding-left:0px;margin-bottom: 0px;margin-top: 0px;border-width: 0px 0px 0px 0px;border-color:#eae9e9;border-style:solid;\" ><div class=\"fusion-builder-row fusion-row\"><div class=\"fusion-layout-column fusion_builder_column fusion-builder-column-0 fusion_builder_column_1_1 1_1 fusion-one-full fusion-column-first fusion-column-last\" style=\"margin-top:0px;margin-bottom:0px;\"><div class=\"fusion-column-wrapper fusion-flex-column-wrapper-legacy\" style=\"background-position:left top;background-repeat:no-repeat;-webkit-background-size:cover;-moz-background-size:cover;-o-background-size:cover;background-size:cover;padding: 0px 0px 0px 0px;\"><div class=\"fusion-text fusion-text-1\"><p>Kontseilua se ha reunido hoy con la presidenta del Parlamento de Nafarroa Ainhoa Aznarez.\u00a0 El secretario general de Kontseilua Paul Bilbao ha presentado a Aznarez el\u00a0\u00a0<a href=\"https:\/\/protokoloa.eus\/wp-content\/uploads\/2016\/12\/HEBP5HIZKUNTZA.pdf\">Protocolo de Donostia\u00a0<\/a>presentado en el\u00a0<a href=\"https:\/\/protokoloa.eus\/es\/?p=1492\">Kursaal el 17 de Diciembre<\/a>\u00a0del pasado a\u00f1o<\/p>\n<p>La reuni\u00f3n se ha realizado en el momento en que se acaba de realizar en primer plan estrat\u00e9gico del euskara y Bilbao ha invitado a Aznarez a que lo tengan en cuenta en su aplicaci\u00f3n. Aznarez ha resaltado la importancia del proceso y ha ecplicado a los representantes de Kontseilua el procedimiento a seguir para que sea tratado en una comisi\u00f3n. Cosa que hara la semana pr\u00f3xima.<\/p>\n<p>Recordando el acto realizado el 15 de Diciembre pasado, en el aniversario de la Ley del Vascuence, donde Bilbao le regalo una pluma a Aznarez para escribir una nueva ley, ha declarado que \u201cel Protocolo es una carta que recoge las caracter\u00edsticas y medidas con las que deber\u00eda contar esa ley\u201d.<\/p>\n<p>La de hoy ha sido la primera de la ronda de presentaciones que se van a realizar a los representantes institucionales de las comunidades ling\u00fc\u00edsticas minorizadas de Europa.\u00a0 Este mismo mes se reunir\u00e1n con la presidenta del Parlamento de Gasteiz.<\/p>\n<\/div><div class=\"fusion-clearfix\"><\/div><\/div><\/div><\/div><\/div>\n","protected":false},"excerpt":{"rendered":"","protected":false},"author":1,"featured_media":1945,"comment_status":"closed","ping_status":"closed","sticky":false,"template":"","format":"standard","meta":[],"categories":[180],"tags":[208,209,210,206,207],"_links":{"self":[{"href":"https:\/\/protokoloa.eus\/index.php?rest_route=\/wp\/v2\/posts\/12831"}],"collection":[{"href":"https:\/\/protokoloa.eus\/index.php?rest_route=\/wp\/v2\/posts"}],"about":[{"href":"https:\/\/protokoloa.eus\/index.php?rest_route=\/wp\/v2\/types\/post"}],"author":[{"embeddable":true,"href":"https:\/\/protokoloa.eus\/index.php?rest_route=\/wp\/v2\/users\/1"}],"replies":[{"embeddable":true,"href":"https:\/\/protokoloa.eus\/index.php?rest_route=%2Fwp%2Fv2%2Fcomments&post=12831"}],"version-history":[{"count":1,"href":"https:\/\/protokoloa.eus\/index.php?rest_route=\/wp\/v2\/posts\/12831\/revisions"}],"predecessor-version":[{"id":12832,"href":"https:\/\/protokoloa.eus\/index.php?rest_route=\/wp\/v2\/posts\/12831\/revisions\/12832"}],"wp:featuredmedia":[{"embeddable":true,"href":"https:\/\/protokoloa.eus\/index.php?rest_route=\/wp\/v2\/media\/1945"}],"wp:attachment":[{"href":"https:\/\/protokoloa.eus\/index.php?rest_route=%2Fwp%2Fv2%2Fmedia&parent=12831"}],"wp:term":[{"taxonomy":"category","embeddable":true,"href":"https:\/\/protokoloa.eus\/index.php?rest_route=%2Fwp%2Fv2%2Fcategories&post=12831"},{"taxonomy":"post_tag","embeddable":true,"href":"https:\/\/protokoloa.eus\/index.php?rest_route=%2Fwp%2Fv2%2Ftags&post=12831"}],"curies":[{"name":"wp","href":"https:\/\/api.w.org\/{rel}","templated":true}]}}