{"id":12791,"date":"2017-06-08T10:09:01","date_gmt":"2017-06-08T10:09:01","guid":{"rendered":"http:\/\/protokoloa.eus?p=12791"},"modified":"2017-06-09T07:27:15","modified_gmt":"2017-06-09T07:27:15","slug":"le-parlement-de-navarre-premier-arret-du-protocole-pour-la-garantie-des-droits-linguistiques-dans-sa-route-aux-institutions","status":"publish","type":"post","link":"https:\/\/protokoloa.eus\/?p=12791&lang=fr","title":{"rendered":"Le Parlement de Navarre, premier arr\u00eat du Protocole pour la Garantie des Droits Linguistiques dans sa route aux Institutions"},"content":{"rendered":"<div class=\"fusion-fullwidth fullwidth-box fusion-builder-row-1 nonhundred-percent-fullwidth non-hundred-percent-height-scrolling\" style=\"background-color: rgba(255,255,255,0);background-position: center center;background-repeat: no-repeat;padding-top:0px;padding-right:0px;padding-bottom:0px;padding-left:0px;margin-bottom: 0px;margin-top: 0px;border-width: 0px 0px 0px 0px;border-color:#eae9e9;border-style:solid;\" ><div class=\"fusion-builder-row fusion-row\"><div class=\"fusion-layout-column fusion_builder_column fusion-builder-column-0 fusion_builder_column_1_1 1_1 fusion-one-full fusion-column-first fusion-column-last\" style=\"margin-top:0px;margin-bottom:0px;\"><div class=\"fusion-column-wrapper fusion-flex-column-wrapper-legacy\" style=\"background-position:left top;background-repeat:no-repeat;-webkit-background-size:cover;-moz-background-size:cover;-o-background-size:cover;background-size:cover;padding: 0px 0px 0px 0px;\"><div class=\"fusion-text fusion-text-1\"><p>Le Secr\u00e9taire g\u00e9n\u00e9ral de Kontseilua (Conseil de Organises sociaux de la langue basque) Paul Bilbao \u00e0 pr\u00e9sent\u00e9 \u00e0 la Pr\u00e9sidente du Parlement de Navarre, Ainhoa Aznarez le\u00a0<a href=\"https:\/\/protokoloa.eus\/wp-content\/uploads\/2016\/12\/HEBP5HIZKUNTZA.pdf\">Protocole de Donostia<\/a>\u00a0qui fut\u00a0<a href=\"https:\/\/protokoloa.eus\/fr\/?p=1440\">sign\u00e9 au Palais du Kursaal \u00e0 Donostia<\/a>\u00a0(Pays Basque) le 17 d\u00e9cembre 2016 par plus de 120 organisations sociales de plus de 30 communaut\u00e9s linguistiques Europ\u00e9ennes.<\/p>\n<p>Paul Bilbao \u00e0 demand\u00e9 \u00e0 la Pr\u00e9sidente du Parlement qu\u2019elle tienne compte du Protocole lors de l\u2019\u00e9laboration d\u2019une nouvelle loi de l\u2019Euskara (langue basque). Kontseilua se r\u00e9unira sous peu avec la Pr\u00e9sidente du Parlement de Vitoria-Gasteiz ainsi qu\u2019avec les institutions d\u2019autres communaut\u00e9s linguistiques de langues minoris\u00e9es.<\/p>\n<\/div><div class=\"fusion-clearfix\"><\/div><\/div><\/div><\/div><\/div>\n","protected":false},"excerpt":{"rendered":"","protected":false},"author":1,"featured_media":1945,"comment_status":"closed","ping_status":"closed","sticky":false,"template":"","format":"standard","meta":[],"categories":[179],"tags":[199,200,201,197,198],"_links":{"self":[{"href":"https:\/\/protokoloa.eus\/index.php?rest_route=\/wp\/v2\/posts\/12791"}],"collection":[{"href":"https:\/\/protokoloa.eus\/index.php?rest_route=\/wp\/v2\/posts"}],"about":[{"href":"https:\/\/protokoloa.eus\/index.php?rest_route=\/wp\/v2\/types\/post"}],"author":[{"embeddable":true,"href":"https:\/\/protokoloa.eus\/index.php?rest_route=\/wp\/v2\/users\/1"}],"replies":[{"embeddable":true,"href":"https:\/\/protokoloa.eus\/index.php?rest_route=%2Fwp%2Fv2%2Fcomments&post=12791"}],"version-history":[{"count":1,"href":"https:\/\/protokoloa.eus\/index.php?rest_route=\/wp\/v2\/posts\/12791\/revisions"}],"predecessor-version":[{"id":12792,"href":"https:\/\/protokoloa.eus\/index.php?rest_route=\/wp\/v2\/posts\/12791\/revisions\/12792"}],"wp:featuredmedia":[{"embeddable":true,"href":"https:\/\/protokoloa.eus\/index.php?rest_route=\/wp\/v2\/media\/1945"}],"wp:attachment":[{"href":"https:\/\/protokoloa.eus\/index.php?rest_route=%2Fwp%2Fv2%2Fmedia&parent=12791"}],"wp:term":[{"taxonomy":"category","embeddable":true,"href":"https:\/\/protokoloa.eus\/index.php?rest_route=%2Fwp%2Fv2%2Fcategories&post=12791"},{"taxonomy":"post_tag","embeddable":true,"href":"https:\/\/protokoloa.eus\/index.php?rest_route=%2Fwp%2Fv2%2Ftags&post=12791"}],"curies":[{"name":"wp","href":"https:\/\/api.w.org\/{rel}","templated":true}]}}