{"id":12788,"date":"2017-06-08T09:59:23","date_gmt":"2017-06-08T09:59:23","guid":{"rendered":"http:\/\/protokoloa.eus?p=12788"},"modified":"2017-06-09T07:28:41","modified_gmt":"2017-06-09T07:28:41","slug":"presentation-du-protocole-de-donostia-lancement-dun-outil-pour-la-garantie-des-droits-linguistiques","status":"publish","type":"post","link":"https:\/\/protokoloa.eus\/?p=12788&lang=fr","title":{"rendered":"Pr\u00e9sentation du Protocole de Donostia, lancement d\u2019un outil pour la garantie des droits linguistiques"},"content":{"rendered":"<div class=\"fusion-fullwidth fullwidth-box fusion-builder-row-1 nonhundred-percent-fullwidth non-hundred-percent-height-scrolling\" style=\"background-color: rgba(255,255,255,0);background-position: center center;background-repeat: no-repeat;padding-top:0px;padding-right:0px;padding-bottom:0px;padding-left:0px;margin-bottom: 0px;margin-top: 0px;border-width: 0px 0px 0px 0px;border-color:#eae9e9;border-style:solid;\" ><div class=\"fusion-builder-row fusion-row\"><div class=\"fusion-layout-column fusion_builder_column fusion-builder-column-0 fusion_builder_column_1_1 1_1 fusion-one-full fusion-column-first fusion-column-last\" style=\"margin-top:0px;margin-bottom:0px;\"><div class=\"fusion-column-wrapper fusion-flex-column-wrapper-legacy\" style=\"background-position:left top;background-repeat:no-repeat;-webkit-background-size:cover;-moz-background-size:cover;-o-background-size:cover;background-size:cover;padding: 0px 0px 0px 0px;\"><div class=\"fusion-text fusion-text-1\"><h4 data-fontsize=\"18\" data-lineheight=\"23\">Le Palais Kursaal d\u00e9bordait de personnalit\u00e9s, acteurs et citoyens, \u00a0venus du Pays Basque et d\u2019ailleurs<\/h4>\n<p>C\u2019est \u00e0 l\u2019occasion d\u2019une manifestation humble et touchante que Protocole pour la Garantie des Droits Linguistiques a \u00e9t\u00e9 pr\u00e9sent\u00e9 \u00e0 Donostia. Plus connu sous le nom de Protocole de Donostia, il constitue selon Paul Bilbao, secr\u00e9taire g\u00e9n\u00e9ral de Kontseilua, l\u2019exercice pratique d\u2019une appropriation de pouvoir historique, car les acteurs sociaux ont d\u00e9montr\u00e9 leur capacit\u00e9 \u00e0 \u00e9laborer un outil efficace face \u00e0 la n\u00e9cessit\u00e9 de garantir les droits des langues minoritaires d\u2019Europe. Ce projet a \u00e9t\u00e9 soutenu d\u00e8s le d\u00e9part par Kontseilua et la Fondation Donostia 2016.<\/p>\n<p>Mr Bilbao a soulign\u00e9 la ferveur de la solidarit\u00e9 linguistique rencontr\u00e9e aux quatre coins de l\u2019Europe ces derniers mois. \u00ab\u00a0La participation constitue la cl\u00e9 du succ\u00e8s de ce protocole. Nous avons prouv\u00e9 que, m\u00eame si nous sommes petits, ensemble, nous sommes de taille\u00a0\u00bb. Il a ajout\u00e9 que cette journ\u00e9e \u00e9tait un grand jour de f\u00eate, mais qu\u2019apr\u00e8s la pr\u00e9sentation, \u00ab\u00a0l\u2019essentiel sera de disposer d\u2019un outil efficace pour la garantie des droits linguistiques en Eurpe, qui a \u00e9t\u00e9 lanc\u00e9 aujourd\u2019hui \u00e0 Donostia\u00a0\u00bb.<\/p>\n<p>Le Palais Kursaal \u00e9tait plein \u00e0 craquer, comme en t\u00e9moignent les invitations, \u00e9puis\u00e9es plusieurs jours avant l\u2019\u00e9v\u00e8nement. Les premi\u00e8res intervenantes dans cette suite de prises de paroles ponctu\u00e9e de musique et de danse ont \u00e9t\u00e9 Aureli Argemi et Maria do Pilar Garcia. Elles ont toutes deux particip\u00e9 il y a 20 ans au processus d\u2019\u00e9laboration de la D\u00e9claration Universelle des Droits Linguistiques de Barcelone et ont rappel\u00e9 que cette d\u00e9claration constituait un ant\u00e9c\u00e9dent au Protocole de Donostia.<\/p>\n<p>Xabi Paya, directeur de la programmation culturelle DSS2016EU, a d\u00e9clar\u00e9 que le Protocole de Donostia\u00a0 constitue un jalon important dans la voie du vivre ensemble plurilingue d\u2019Europe et que, gr\u00e2ce \u00e0 des initiatives comme le Protocole pour la Garantie des Droits Linguistiques, la contribution de Donostia \u00e0 la gestion durable de la diversit\u00e9 linguistique d\u2019Europe restera dans l\u2019histoire des capitales europ\u00e9ennes de la Culture.<\/p>\n<p>La Comit\u00e9 Organisateur qui a conduit ce protocole \u00e9tait constitu\u00e9 de six organismes europ\u00e9ens, dont les repr\u00e9sentants ont re\u00e7u un souvenir chacun, en remerciement du travail colossal fourni.<\/p>\n<p>Joan Mari Torrealdai a parl\u00e9 de la le\u00e7on qu\u2019il retient des difficult\u00e9s que la langue basque a d\u00fb surmonter depuis plusieurs si\u00e8cles, saluant le travail collectif et la collaboration sur plusieurs g\u00e9n\u00e9rations au service du pays, de la culture et de la langue.<\/p>\n<p>Puis, les dizaines d\u2019acteurs du Pays Basque et d\u2019ailleurs sont mont\u00e9s sur la sc\u00e8ne. Ensemble, le protocole dans les mains, ils ont pos\u00e9 pour une belle photo, pleine de leur espoir de voir chacun et chacune se saisir de ce protocole et le porter dans sa communaut\u00e9 linguistique, pour une Europe plus diverse, plus juste et plus \u00e9galitaire. La journ\u00e9e s\u2019est termin\u00e9e sur \u00ab\u00a0Txoriak txori\u00a0\u00bb de Mikel Laboa, chant\u00e9e en ch\u0153ur par tous les protagonistes r\u00e9unis.<\/p>\n<\/div><div class=\"fusion-clearfix\"><\/div><\/div><\/div><\/div><\/div>\n","protected":false},"excerpt":{"rendered":"","protected":false},"author":1,"featured_media":1891,"comment_status":"closed","ping_status":"closed","sticky":false,"template":"","format":"standard","meta":[],"categories":[179],"tags":[],"_links":{"self":[{"href":"https:\/\/protokoloa.eus\/index.php?rest_route=\/wp\/v2\/posts\/12788"}],"collection":[{"href":"https:\/\/protokoloa.eus\/index.php?rest_route=\/wp\/v2\/posts"}],"about":[{"href":"https:\/\/protokoloa.eus\/index.php?rest_route=\/wp\/v2\/types\/post"}],"author":[{"embeddable":true,"href":"https:\/\/protokoloa.eus\/index.php?rest_route=\/wp\/v2\/users\/1"}],"replies":[{"embeddable":true,"href":"https:\/\/protokoloa.eus\/index.php?rest_route=%2Fwp%2Fv2%2Fcomments&post=12788"}],"version-history":[{"count":1,"href":"https:\/\/protokoloa.eus\/index.php?rest_route=\/wp\/v2\/posts\/12788\/revisions"}],"predecessor-version":[{"id":12800,"href":"https:\/\/protokoloa.eus\/index.php?rest_route=\/wp\/v2\/posts\/12788\/revisions\/12800"}],"wp:featuredmedia":[{"embeddable":true,"href":"https:\/\/protokoloa.eus\/index.php?rest_route=\/wp\/v2\/media\/1891"}],"wp:attachment":[{"href":"https:\/\/protokoloa.eus\/index.php?rest_route=%2Fwp%2Fv2%2Fmedia&parent=12788"}],"wp:term":[{"taxonomy":"category","embeddable":true,"href":"https:\/\/protokoloa.eus\/index.php?rest_route=%2Fwp%2Fv2%2Fcategories&post=12788"},{"taxonomy":"post_tag","embeddable":true,"href":"https:\/\/protokoloa.eus\/index.php?rest_route=%2Fwp%2Fv2%2Ftags&post=12788"}],"curies":[{"name":"wp","href":"https:\/\/api.w.org\/{rel}","templated":true}]}}